{"id":1821,"date":"2021-06-16T22:13:32","date_gmt":"2021-06-16T22:13:32","guid":{"rendered":"http:\/\/cdvoliveira.pt\/pt\/?p=1821"},"modified":"2021-06-16T22:14:03","modified_gmt":"2021-06-16T22:14:03","slug":"o-que-e-periodentite","status":"publish","type":"post","link":"https:\/\/cdvoliveira.pt\/pt\/2021\/06\/16\/o-que-e-periodentite\/","title":{"rendered":"O que \u00e9 PERIODENTITE ?"},"content":{"rendered":"<div class=\"kvgmc6g5 cxmmr5t8 oygrvhab hcukyx3x c1et5uql ii04i59q\">\n<div dir=\"auto\" style=\"text-align: justify;\">A periodontite ou doen\u00e7a periodontal, popularmente conhecida como piorreia, \u00e9 uma infe\u00e7\u00e3o bacteriana que envolve o periodonto (tecidos de suporte dos dentes). \u00c9 uma patologia oral bastante frequente. Cerca de 50% dos adultos apresentam problemas periodontais.<\/div>\n<\/div>\n<div class=\"o9v6fnle cxmmr5t8 oygrvhab hcukyx3x c1et5uql ii04i59q\" style=\"text-align: justify;\">\n<div dir=\"auto\">Trata-se de um processo infecioso da gengiva que tamb\u00e9m atinge os tecidos de suporte como o osso e o ligamento periodontal (veja fotos superiores). Na base desta doen\u00e7a est\u00e3o certos microrganismos associados \u00e0 presen\u00e7a de placa bacteriana.<\/div>\n<\/div>\n<div class=\"o9v6fnle cxmmr5t8 oygrvhab hcukyx3x c1et5uql ii04i59q\" style=\"text-align: justify;\">\n<div dir=\"auto\">Na periodontite podemos observar perda \u00f3ssea e de gengiva (a gengiva desce e a raiz do dente fica exposta) e a gengiva sangra com frequ\u00eancia. Entre a raiz e o osso podem desenvolver-se bolsas periodontais (espa\u00e7os) que permitem uma acrescida acumula\u00e7\u00e3o de t\u00e1rtaro e alimentos\/microrganismos. A exist\u00eancia deste espa\u00e7o pode desencadear o surgimento de abcessos periodontais.<\/div>\n<\/div>\n<div class=\"o9v6fnle cxmmr5t8 oygrvhab hcukyx3x c1et5uql ii04i59q\" style=\"text-align: justify;\">\n<div dir=\"auto\">O primeiro estado da doen\u00e7a periodontal \u00e9 a gengivite, caracterizando-se por uma inflama\u00e7\u00e3o das gengivas. A evolu\u00e7\u00e3o e progn\u00f3stico da doen\u00e7a dependem de diversos fatores. Veja mais informa\u00e7\u00e3o em evolu\u00e7\u00e3o da doen\u00e7a periodontal.<\/div>\n<\/div>\n<div class=\"o9v6fnle cxmmr5t8 oygrvhab hcukyx3x c1et5uql ii04i59q\">\n<div dir=\"auto\" style=\"text-align: justify;\">Na periodontite, o tratamento deve ser efetuado de acordo com as causas subjacentes e do estado da doen\u00e7a periodontal. Se n\u00e3o tratada, a periodontite evolui e pode ter consequ\u00eancias muito graves, incluindo a perda de dentes. N\u00c3O ESPERE PARA SER TARDE DEMAIS. Marque o seu check-up dent\u00e1rio !<\/div>\n<\/div>\n","protected":false},"excerpt":{"rendered":"<p>A periodontite ou doen\u00e7a periodontal, popularmente conhecida como piorreia, \u00e9 uma infe\u00e7\u00e3o bacteriana que envolve o periodonto (tecidos de suporte dos dentes). \u00c9 uma patologia oral bastante frequente. Cerca de 50% dos adultos apresentam problemas periodontais. Trata-se de um processo infecioso da gengiva que tamb\u00e9m atinge os tecidos de suporte como o osso e oLeer M\u00e1s<\/p>\n","protected":false},"author":1,"featured_media":0,"comment_status":"open","ping_status":"open","sticky":false,"template":"","format":"image","meta":[],"categories":[28],"tags":[60,37],"acf":[],"_links":{"self":[{"href":"https:\/\/cdvoliveira.pt\/pt\/wp-json\/wp\/v2\/posts\/1821"}],"collection":[{"href":"https:\/\/cdvoliveira.pt\/pt\/wp-json\/wp\/v2\/posts"}],"about":[{"href":"https:\/\/cdvoliveira.pt\/pt\/wp-json\/wp\/v2\/types\/post"}],"author":[{"embeddable":true,"href":"https:\/\/cdvoliveira.pt\/pt\/wp-json\/wp\/v2\/users\/1"}],"replies":[{"embeddable":true,"href":"https:\/\/cdvoliveira.pt\/pt\/wp-json\/wp\/v2\/comments?post=1821"}],"version-history":[{"count":1,"href":"https:\/\/cdvoliveira.pt\/pt\/wp-json\/wp\/v2\/posts\/1821\/revisions"}],"predecessor-version":[{"id":1823,"href":"https:\/\/cdvoliveira.pt\/pt\/wp-json\/wp\/v2\/posts\/1821\/revisions\/1823"}],"wp:attachment":[{"href":"https:\/\/cdvoliveira.pt\/pt\/wp-json\/wp\/v2\/media?parent=1821"}],"wp:term":[{"taxonomy":"category","embeddable":true,"href":"https:\/\/cdvoliveira.pt\/pt\/wp-json\/wp\/v2\/categories?post=1821"},{"taxonomy":"post_tag","embeddable":true,"href":"https:\/\/cdvoliveira.pt\/pt\/wp-json\/wp\/v2\/tags?post=1821"}],"curies":[{"name":"wp","href":"https:\/\/api.w.org\/{rel}","templated":true}]}}