{"id":2042,"date":"2022-05-30T10:37:05","date_gmt":"2022-05-30T10:37:05","guid":{"rendered":"http:\/\/cdvoliveira.pt\/pt\/?p=2042"},"modified":"2022-07-13T10:40:29","modified_gmt":"2022-07-13T10:40:29","slug":"porque-nao-usar-um-piercing-oral","status":"publish","type":"post","link":"https:\/\/cdvoliveira.pt\/pt\/2022\/05\/30\/porque-nao-usar-um-piercing-oral\/","title":{"rendered":"Porque n\u00e3o usar um piercing oral?"},"content":{"rendered":"<div class=\"cxmmr5t8 oygrvhab hcukyx3x c1et5uql o9v6fnle ii04i59q\">\n<div dir=\"auto\" style=\"text-align: justify;\">1- O piercing favorece o ac\u00famulo de placa dent\u00e1ria ou t\u00e1rtaro nessa regi\u00e3o.<\/div>\n<\/div>\n<div class=\"cxmmr5t8 oygrvhab hcukyx3x c1et5uql o9v6fnle ii04i59q\" style=\"text-align: justify;\">\n<div dir=\"auto\">2- pode provocar Inflama\u00e7\u00e3o da \u00e1rea onde foi colocado e\/ou sangramento.<\/div>\n<\/div>\n<div class=\"cxmmr5t8 oygrvhab hcukyx3x c1et5uql o9v6fnle ii04i59q\" style=\"text-align: justify;\">\n<div dir=\"auto\">3- Deformidades da l\u00edngua, alergias e \u00falceras<\/div>\n<\/div>\n<div class=\"cxmmr5t8 oygrvhab hcukyx3x c1et5uql o9v6fnle ii04i59q\" style=\"text-align: justify;\">\n<div dir=\"auto\">4- Fraturas dent\u00e1rias. \u00c9 mais frequente do que parece, quando h\u00e1 um choque com o piercing.<\/div>\n<\/div>\n<div class=\"cxmmr5t8 oygrvhab hcukyx3x c1et5uql o9v6fnle ii04i59q\" style=\"text-align: justify;\">\n<div dir=\"auto\">5- Tamb\u00e9m pode danificar o esmalte, gengivas ou obtura\u00e7\u00f5es.<\/div>\n<\/div>\n<div class=\"cxmmr5t8 oygrvhab hcukyx3x c1et5uql o9v6fnle ii04i59q\" style=\"text-align: justify;\">\n<div dir=\"auto\">6- Altera\u00e7\u00e3o do paladar e do processo de fala<\/div>\n<\/div>\n<div class=\"cxmmr5t8 oygrvhab hcukyx3x c1et5uql o9v6fnle ii04i59q\" style=\"text-align: justify;\">\n<div dir=\"auto\">7- Dificuldades na mastiga\u00e7\u00e3o e saliva\u00e7\u00e3o excessiva.<\/div>\n<\/div>\n<div class=\"cxmmr5t8 oygrvhab hcukyx3x c1et5uql o9v6fnle ii04i59q\" style=\"text-align: justify;\">\n<div dir=\"auto\">8- Problemas de halitose se a presen\u00e7a do piercing n\u00e3o permitir a higiene bucal completa ou se o pr\u00f3prio piercing acumular bact\u00e9rias.<\/div>\n<\/div>\n<div class=\"cxmmr5t8 oygrvhab hcukyx3x c1et5uql o9v6fnle ii04i59q\" style=\"text-align: justify;\">\n<div dir=\"auto\">9- Ingest\u00e3o acidental quando liberado. Cuidado ao praticar desporto!<\/div>\n<\/div>\n<div class=\"cxmmr5t8 oygrvhab hcukyx3x c1et5uql o9v6fnle ii04i59q\">\n<div dir=\"auto\" style=\"text-align: justify;\">10- Maior risco de cancro oral;<\/div>\n<\/div>\n","protected":false},"excerpt":{"rendered":"<p>1- O piercing favorece o ac\u00famulo de placa dent\u00e1ria ou t\u00e1rtaro nessa regi\u00e3o. 2- pode provocar Inflama\u00e7\u00e3o da \u00e1rea onde foi colocado e\/ou sangramento. 3- Deformidades da l\u00edngua, alergias e \u00falceras 4- Fraturas dent\u00e1rias. \u00c9 mais frequente do que parece, quando h\u00e1 um choque com o piercing. 5- Tamb\u00e9m pode danificar o esmalte, gengivas ouLeer M\u00e1s<\/p>\n","protected":false},"author":1,"featured_media":0,"comment_status":"open","ping_status":"open","sticky":false,"template":"","format":"image","meta":[],"categories":[28],"tags":[88],"acf":[],"_links":{"self":[{"href":"https:\/\/cdvoliveira.pt\/pt\/wp-json\/wp\/v2\/posts\/2042"}],"collection":[{"href":"https:\/\/cdvoliveira.pt\/pt\/wp-json\/wp\/v2\/posts"}],"about":[{"href":"https:\/\/cdvoliveira.pt\/pt\/wp-json\/wp\/v2\/types\/post"}],"author":[{"embeddable":true,"href":"https:\/\/cdvoliveira.pt\/pt\/wp-json\/wp\/v2\/users\/1"}],"replies":[{"embeddable":true,"href":"https:\/\/cdvoliveira.pt\/pt\/wp-json\/wp\/v2\/comments?post=2042"}],"version-history":[{"count":1,"href":"https:\/\/cdvoliveira.pt\/pt\/wp-json\/wp\/v2\/posts\/2042\/revisions"}],"predecessor-version":[{"id":2043,"href":"https:\/\/cdvoliveira.pt\/pt\/wp-json\/wp\/v2\/posts\/2042\/revisions\/2043"}],"wp:attachment":[{"href":"https:\/\/cdvoliveira.pt\/pt\/wp-json\/wp\/v2\/media?parent=2042"}],"wp:term":[{"taxonomy":"category","embeddable":true,"href":"https:\/\/cdvoliveira.pt\/pt\/wp-json\/wp\/v2\/categories?post=2042"},{"taxonomy":"post_tag","embeddable":true,"href":"https:\/\/cdvoliveira.pt\/pt\/wp-json\/wp\/v2\/tags?post=2042"}],"curies":[{"name":"wp","href":"https:\/\/api.w.org\/{rel}","templated":true}]}}